{"id":82,"date":"2017-05-06T16:08:55","date_gmt":"2017-05-06T14:08:55","guid":{"rendered":"http:\/\/www.belart.net\/wordpress\/?p=82"},"modified":"2017-05-06T16:11:39","modified_gmt":"2017-05-06T14:11:39","slug":"nein-zum-gegenvorschlag-zur-gruenstadt-initiative","status":"publish","type":"post","link":"https:\/\/www.belart.net\/wordpress\/index.php\/2017\/05\/06\/nein-zum-gegenvorschlag-zur-gruenstadt-initiative\/","title":{"rendered":"Nein zum Gegenvorschlag zur Gr\u00fcnstadt-Initiative"},"content":{"rendered":"<p>In der Stadt Z\u00fcrich stimmen wir am 21. Mai 2017 \u00fcber den Gegenvorschlag zur\u00a0Gr\u00fcnstadt-Initiative ab. Das t\u00f6nt sympathisch und vern\u00fcnftig, so dass viele von Euch ohne viel zu \u00fcberlegen ein Ja einlegen werden, besonders nach Konsultation der Parteiparolen: Nur FDP und SVP sind dagegen, also sollte \u00abman\u00bb doch das Gegenteil stimmen. Dieses Abstimmungsverhalten habe ich bei mir selber auch schon beobachtet: insbesondere bei der\u00a0S\u00fcnnelipartei ist die gegenteilige Meinung ein verl\u00e4ssliches Indiz f\u00fcr Vernunft und Intelligenz.<\/p>\n<p>Ein genauer Blick zeigt aber die Unn\u00f6tigkeit und Fehlwirkung dieser Initiative:<\/p>\n<ul>\n<li><strong>Regulierungsdichte<\/strong>: Unser Leben ist bereits dermassen von Gesetzen, Verordnungen, Richtlinien, Ordnungen etc. \u00fcberflutet. Jeder neue Artikel und Gesetzestext muss hinterfragt werden. Ein <strong>sachfremdes Thema<\/strong> wie Gr\u00fcnraumplanung geh\u00f6rt einfach nicht in die Gemeindeordnung. Der Umgang mit\u00a0Gr\u00fcnr\u00e4umen ist\u00a0da wo das Thema hingeh\u00f6rt, in den planerischen Gesetzgebung, <strong>gen\u00fcgend geregelt<\/strong>: In der Bau- und Zonenordnung und in den Richtpl\u00e4nen. Zus\u00e4tzlich gibt es Umweltschutzgesetz, Waldgesetz, Gew\u00e4sserschutz usw.<\/li>\n<li>Gleichzeitig stimmen wir \u00fcber eine Wohnbauaktion ab: Unabh\u00e4ngig davon, ob man daf\u00fcr oder dagegen ist, werden viele zustimmen, dass es in der Stadt Z\u00fcrich mehr Wohnungen braucht. Irgendwo m\u00fcssen diese aber entstehen k\u00f6nnen, und das geht nun mal nur im Siedlungsgebiet. Und genau da brauchen wir nicht noch weitere Regeln, welche die <strong>Siedlungsentwicklung nach Innen erschweren<\/strong>.<\/li>\n<li>Die Stadt Z\u00fcrich ist so kleinr\u00e4umig und \u00fcberschaubar, dass auch innerhalb des Siedlungsgebietes Gr\u00fcnr\u00e4ume meistens innerhalb von wenigen Minuten zu Fuss erreichbar sind. Seien dies nun P\u00e4rke oder Gr\u00fcnr\u00e4ume innerhalb des Siedlungsgebietes (durch die BZO gesichert, s.o.), oder eben der Siedlungsrand, wo man h\u00e4ufig unerwartet schnell Kulturland oder Wald antrifft (durch Richtplan und weitere Gesetze gesichert, s.o.).<\/li>\n<li>Z\u00fcrich ist bereits eine \u00abGr\u00fcnstadt\u00bb. Alle Gr\u00fcn- und Wasserfl\u00e4chen auf dem Z\u00fcrcher Stadtgebiet entsprechen in etwa der 7.5-fachen Fl\u00e4che des Central Parks von New York. Es steht ausser Zweifel, dass Z\u00fcrich eine \u00e4usserst attraktive und gr\u00fcne Stadt ist. Vielen ist das aber nicht bewusst! Geht einmal vor Eure Haust\u00fcre und achtet auf die B\u00e4ume und darauf, wie weit der n\u00e4chste Gr\u00fcnraum entfernt ist. Und all das ist bereits gesetzlich mehrfach gesichert. Wir m\u00fcssen nicht noch weitere Eulen nach Athen tragen!<\/li>\n<li>Nebst den erw\u00e4hnten Parteien empfiehlt auch der Z\u00fcrcher Stadtverband f\u00fcr Sport ein Nein. Der Gegenvorschlag zur Gr\u00fcnstadt-Initiative erschwert oder verhindert die Erstellung von Sportanlagen. Die detaillierten Argumente sind hier zu finden:\u00a0https:\/\/www.zss.ch<\/li>\n<\/ul>\n<p>Deshalb empfehle ich Euch aus pers\u00f6nlicher \u00dcberzeugung\u00a0ein Nein zum Gegenvorschlag zur Gr\u00fcnstadt-Initiative.<\/p>\n","protected":false},"excerpt":{"rendered":"<p>In der Stadt Z\u00fcrich stimmen wir am 21. Mai 2017 \u00fcber den Gegenvorschlag zur\u00a0Gr\u00fcnstadt-Initiative ab. Das t\u00f6nt sympathisch und vern\u00fcnftig, so dass viele von Euch ohne viel zu \u00fcberlegen ein Ja einlegen werden, besonders nach Konsultation der Parteiparolen: Nur FDP und SVP sind dagegen, also sollte \u00abman\u00bb doch das Gegenteil stimmen. Dieses Abstimmungsverhalten habe ich &hellip; <a href=\"https:\/\/www.belart.net\/wordpress\/index.php\/2017\/05\/06\/nein-zum-gegenvorschlag-zur-gruenstadt-initiative\/\" class=\"more-link\"><span class=\"screen-reader-text\">\u201eNein zum Gegenvorschlag zur Gr\u00fcnstadt-Initiative\u201c<\/span> weiterlesen<\/a><\/p>\n","protected":false},"author":1,"featured_media":0,"comment_status":"open","ping_status":"open","sticky":false,"template":"","format":"standard","meta":{"footnotes":""},"categories":[1],"tags":[],"class_list":["post-82","post","type-post","status-publish","format-standard","hentry","category-allgemein"],"_links":{"self":[{"href":"https:\/\/www.belart.net\/wordpress\/index.php\/wp-json\/wp\/v2\/posts\/82","targetHints":{"allow":["GET"]}}],"collection":[{"href":"https:\/\/www.belart.net\/wordpress\/index.php\/wp-json\/wp\/v2\/posts"}],"about":[{"href":"https:\/\/www.belart.net\/wordpress\/index.php\/wp-json\/wp\/v2\/types\/post"}],"author":[{"embeddable":true,"href":"https:\/\/www.belart.net\/wordpress\/index.php\/wp-json\/wp\/v2\/users\/1"}],"replies":[{"embeddable":true,"href":"https:\/\/www.belart.net\/wordpress\/index.php\/wp-json\/wp\/v2\/comments?post=82"}],"version-history":[{"count":2,"href":"https:\/\/www.belart.net\/wordpress\/index.php\/wp-json\/wp\/v2\/posts\/82\/revisions"}],"predecessor-version":[{"id":84,"href":"https:\/\/www.belart.net\/wordpress\/index.php\/wp-json\/wp\/v2\/posts\/82\/revisions\/84"}],"wp:attachment":[{"href":"https:\/\/www.belart.net\/wordpress\/index.php\/wp-json\/wp\/v2\/media?parent=82"}],"wp:term":[{"taxonomy":"category","embeddable":true,"href":"https:\/\/www.belart.net\/wordpress\/index.php\/wp-json\/wp\/v2\/categories?post=82"},{"taxonomy":"post_tag","embeddable":true,"href":"https:\/\/www.belart.net\/wordpress\/index.php\/wp-json\/wp\/v2\/tags?post=82"}],"curies":[{"name":"wp","href":"https:\/\/api.w.org\/{rel}","templated":true}]}}