{"id":69,"date":"2016-03-12T14:19:34","date_gmt":"2016-03-12T13:19:34","guid":{"rendered":"http:\/\/www.belart.net\/wordpress\/?p=69"},"modified":"2016-03-12T14:19:34","modified_gmt":"2016-03-12T13:19:34","slug":"unser-verkrampftes-verhaeltnis-zum-erdgeschoss","status":"publish","type":"post","link":"https:\/\/www.belart.net\/wordpress\/index.php\/2016\/03\/12\/unser-verkrampftes-verhaeltnis-zum-erdgeschoss\/","title":{"rendered":"Unser verkrampftes Verh\u00e4ltnis zum Erdgeschoss"},"content":{"rendered":"<p>An einem der zentralsten Pl\u00e4tze Z\u00fcrichs steht seit mehr als einem Jahr ein Erdgeschoss leer. Dies jedoch nicht wegen fehlender Nachfrage, sondern wegen kultur-elit\u00e4rer Bedenken und nachbarschaftlichem Verhinderungsgeist:<\/p>\n<ul>\n<li>Das Z\u00fcrcher Schauspielhaus m\u00f6chte im Erdgeschoss am Pfauen keine Nachbarn, die nicht den Vorstellungen der Z\u00fcrcher Kulturelite\u00a0entsprechen. Hat jemand den Eigent\u00fcmer der Liegenschaft gefragt? Hat jemand die Nachfrager gefragt?<\/li>\n<\/ul>\n<p>An guter Passantenlage in einem attraktiven Wohnquartier wird \u00fcber einen beliebten Lebensmittelladen gesprochen. Aber nicht, weil es irgendwelche Probleme g\u00e4be, im Gegenteil:<\/p>\n<ul>\n<li>Die Wincasa m\u00f6chte im Erdgeschoss einer Liegenschaft an der Limmatstrasse lieber einen coolen Trendladen als einen t\u00fcrkischen Lebensmittelladen. Hat die Wincasa einen Nachmieter, der mehr bezahlt? Hat jemand die Kunden des t\u00fcrkischen Ladens gefragt? Wer macht mehr Umsatz pro m2, der \u00abDirok Market\u00bb oder die\u00a0zahlreichen Non-Food- und Gastor-Angebote?<\/li>\n<\/ul>\n<p>Es entsteht der Verdacht, dass in beiden F\u00e4llen von einzelnen Akteuren versucht wird, Stadtentwicklung zu betreiben, die nur gewissen Partialinteressen und weltfremden Vorstellungen entspricht. Das geht am Nutzer vorbei und hat weder mit Marktwirtschaft noch mit dem breiten Interesse der \u00d6ffentlichkeit an attraktiven Strassenr\u00e4umen und nachfragegerechten Angeboten zu tun.<\/p>\n<p>Die Stadt sind wir. Die Stadt ist chaotisch und folgt manchmal keinen Konzepten. Die Gentrifizierung ist ein Prozess, der grunds\u00e4tzlich marktwirtschaftlichen Kriterien folgt und weder gut noch schlecht ist. Sie kann beobachtet und diskutiert und vielleicht ein bisschen gesteuert werden. Sie kann\u00a0aber weder von sozialromantischer Blau\u00e4ugigkeit gebremst, noch von k\u00fcnstlicher Begeisterung und Hochglanz-Immobilienkonzepten forciert werden.<\/p>\n<p>Wenn die\u00a0Kantonssch\u00fclerin vom R\u00e4mib\u00fchl am Mittag in den Mc Donald&#8217;s geht, so tragen sie\u00a0und ihre\u00a0Eltern die Verantwortung f\u00fcr ihre\u00a0Ern\u00e4hrungsqualit\u00e4t, und nicht die vermeintliche Z\u00fcrcher Kulturelite.<\/p>\n<p>Wenn der\u00a0Architekt im Kreis 5 sein frisches Gem\u00fcse gerne beim T\u00fcrken kauft und schon gen\u00fcgend andere L\u00e4den kennt, wo er seine \u00aberfolg\u00bb-Shirts und Eames-St\u00fchle kaufen kann, dann ist diesem Nachfrageindikator ebenfalls Rechnung zu tragen, und nicht irgendwelchen Konzepten zu folgen, die\u00a0vermeintliche Trends hilflos zu antizipieren versuchen.<\/p>\n<p>Angebot und Nachfrage &#8211; manchmal w\u00e4re es so einfach. Legt Euer Augenmerk lieber auf die Erdgeschosse und Aussenr\u00e4ume in der Agglomeration! In der Innenstadt haben wir es im Griff!<\/p>\n<p>\u00dcbrigens, <a href=\"https:\/\/secure.avaaz.org\/de\/petition\/Wincasa_Verbleib_vom_Gemueseladen_DIROK_im_Kreis_5_ohne_schikanoese_Auflagen\/?preview=live\" target=\"_blank\">hier<\/a> kann man unterschreiben.<\/p>\n<p>Quellen:<\/p>\n<ul>\n<li><a href=\"http:\/\/www.tagesanzeiger.ch\/zuerich\/stadt\/spar-statt-mcdonald-s-am-pfauen\/story\/11386803\" target=\"_blank\">Tages-Anzeiger<\/a> vom 12.8.2015<\/li>\n<li><a href=\"http:\/\/www.watson.ch\/Schweiz\/Region%20Z\u00fcrich\/562331051-\u00abWir-bleiben!\u00bb-\u2013-wie-sich-der-Z\u00fcrcher-Kreis-5-gegen-einen-Immo-Riesen-auflehnt\" target=\"_blank\">Watson<\/a>, 10.3.2016<\/li>\n<li><a href=\"http:\/\/www.tagesanzeiger.ch\/zuerich\/stadt\/Wincasa-vertreibt-in-Zuerich-tuerkische-Laeden\/story\/24467462\" target=\"_blank\">Tages-Anzeiger<\/a> vom 10.3.2016<\/li>\n<li><a href=\"http:\/\/www.tagesanzeiger.ch\/zuerich\/stadt\/das-gesicht-der-gentrifizierung\/story\/14019280\" target=\"_blank\">Tages-Anzeiger<\/a>\u00a0vom 11.3.2016<\/li>\n<\/ul>\n<p>&nbsp;<\/p>\n","protected":false},"excerpt":{"rendered":"<p>An einem der zentralsten Pl\u00e4tze Z\u00fcrichs steht seit mehr als einem Jahr ein Erdgeschoss leer. Dies jedoch nicht wegen fehlender Nachfrage, sondern wegen kultur-elit\u00e4rer Bedenken und nachbarschaftlichem Verhinderungsgeist: Das Z\u00fcrcher Schauspielhaus m\u00f6chte im Erdgeschoss am Pfauen keine Nachbarn, die nicht den Vorstellungen der Z\u00fcrcher Kulturelite\u00a0entsprechen. Hat jemand den Eigent\u00fcmer der Liegenschaft gefragt? Hat jemand die &hellip; <a href=\"https:\/\/www.belart.net\/wordpress\/index.php\/2016\/03\/12\/unser-verkrampftes-verhaeltnis-zum-erdgeschoss\/\" class=\"more-link\"><span class=\"screen-reader-text\">\u201eUnser verkrampftes Verh\u00e4ltnis zum Erdgeschoss\u201c<\/span> weiterlesen<\/a><\/p>\n","protected":false},"author":1,"featured_media":0,"comment_status":"open","ping_status":"open","sticky":false,"template":"","format":"standard","meta":{"footnotes":""},"categories":[1],"tags":[],"class_list":["post-69","post","type-post","status-publish","format-standard","hentry","category-allgemein"],"_links":{"self":[{"href":"https:\/\/www.belart.net\/wordpress\/index.php\/wp-json\/wp\/v2\/posts\/69","targetHints":{"allow":["GET"]}}],"collection":[{"href":"https:\/\/www.belart.net\/wordpress\/index.php\/wp-json\/wp\/v2\/posts"}],"about":[{"href":"https:\/\/www.belart.net\/wordpress\/index.php\/wp-json\/wp\/v2\/types\/post"}],"author":[{"embeddable":true,"href":"https:\/\/www.belart.net\/wordpress\/index.php\/wp-json\/wp\/v2\/users\/1"}],"replies":[{"embeddable":true,"href":"https:\/\/www.belart.net\/wordpress\/index.php\/wp-json\/wp\/v2\/comments?post=69"}],"version-history":[{"count":3,"href":"https:\/\/www.belart.net\/wordpress\/index.php\/wp-json\/wp\/v2\/posts\/69\/revisions"}],"predecessor-version":[{"id":72,"href":"https:\/\/www.belart.net\/wordpress\/index.php\/wp-json\/wp\/v2\/posts\/69\/revisions\/72"}],"wp:attachment":[{"href":"https:\/\/www.belart.net\/wordpress\/index.php\/wp-json\/wp\/v2\/media?parent=69"}],"wp:term":[{"taxonomy":"category","embeddable":true,"href":"https:\/\/www.belart.net\/wordpress\/index.php\/wp-json\/wp\/v2\/categories?post=69"},{"taxonomy":"post_tag","embeddable":true,"href":"https:\/\/www.belart.net\/wordpress\/index.php\/wp-json\/wp\/v2\/tags?post=69"}],"curies":[{"name":"wp","href":"https:\/\/api.w.org\/{rel}","templated":true}]}}