{"id":116,"date":"2025-05-17T12:14:47","date_gmt":"2025-05-17T10:14:47","guid":{"rendered":"https:\/\/www.belart.net\/wordpress\/?p=116"},"modified":"2025-05-17T12:21:29","modified_gmt":"2025-05-17T10:21:29","slug":"gebietsreform-schweiz-neustart-mit-bewaehrten-werten","status":"publish","type":"post","link":"https:\/\/www.belart.net\/wordpress\/index.php\/2025\/05\/17\/gebietsreform-schweiz-neustart-mit-bewaehrten-werten\/","title":{"rendered":"Gebietsreform Schweiz: Neustart mit bew\u00e4hrten Werten"},"content":{"rendered":"\n<p><br>Die f\u00f6derale Organisation und das Subsidiarit\u00e4tsprinzip haben sich in der Schweiz bew\u00e4hrt. Allerdings entspricht die Struktur der heutigen Kantonsgrenzen nicht mehr der Lebensrealit\u00e4t der Menschen und der Wirtschaft. Sie hat ausserdem zur Folge, dass in Kombination mit dem St\u00e4ndemehr bei Volksabstimmungen und mit dem Gewicht des St\u00e4nderats die heutigen Kleinkantone ein \u00fcberm\u00e4ssiges Gewicht in der Entscheidungsfindung haben. Der vorliegende Vorschlag einer Neuorganisation der Kantone soll diese Errungenschaften jedoch nicht komplett beseitigen. Das Positive an diesem \u201eSt\u00e4ndesystem\u201c, n\u00e4mlich die Ber\u00fccksichtigung und Gewichtung von Randregionen und ruralen Gebieten soll beibehalten und neu umgesetzt werden.<\/p>\n\n\n\n<figure class=\"wp-block-image size-full is-resized\"><a href=\"https:\/\/www.belart.net\/wordpress\/wp-content\/uploads\/2025\/05\/image-5.png\"><img loading=\"lazy\" decoding=\"async\" width=\"452\" height=\"293\" src=\"https:\/\/www.belart.net\/wordpress\/wp-content\/uploads\/2025\/05\/image-5.png\" alt=\"\" class=\"wp-image-125\" style=\"width:626px;height:auto\" srcset=\"https:\/\/www.belart.net\/wordpress\/wp-content\/uploads\/2025\/05\/image-5.png 452w, https:\/\/www.belart.net\/wordpress\/wp-content\/uploads\/2025\/05\/image-5-300x194.png 300w\" sizes=\"auto, (max-width: 452px) 85vw, 452px\" \/><\/a><\/figure>\n\n\n\n<figure class=\"wp-block-image size-large is-resized\"><a href=\"https:\/\/www.belart.net\/wordpress\/wp-content\/uploads\/2025\/05\/image-4.png\"><img loading=\"lazy\" decoding=\"async\" width=\"1024\" height=\"151\" src=\"https:\/\/www.belart.net\/wordpress\/wp-content\/uploads\/2025\/05\/image-4-1024x151.png\" alt=\"\" class=\"wp-image-124\" style=\"width:414px;height:auto\" srcset=\"https:\/\/www.belart.net\/wordpress\/wp-content\/uploads\/2025\/05\/image-4-1024x151.png 1024w, https:\/\/www.belart.net\/wordpress\/wp-content\/uploads\/2025\/05\/image-4-300x44.png 300w, https:\/\/www.belart.net\/wordpress\/wp-content\/uploads\/2025\/05\/image-4-768x113.png 768w, https:\/\/www.belart.net\/wordpress\/wp-content\/uploads\/2025\/05\/image-4-1536x227.png 1536w, https:\/\/www.belart.net\/wordpress\/wp-content\/uploads\/2025\/05\/image-4-1200x177.png 1200w, https:\/\/www.belart.net\/wordpress\/wp-content\/uploads\/2025\/05\/image-4.png 1736w\" sizes=\"auto, (max-width: 709px) 85vw, (max-width: 909px) 67vw, (max-width: 1362px) 62vw, 840px\" \/><\/a><\/figure>\n\n\n\n<p>Anstelle der bisherigen 26 Kantone treten neu 17 Kantone mit m\u00f6glichst \u00e4hnlicher Gr\u00f6sse bez\u00fcglich Bev\u00f6lkerung, wobei nat\u00fcrlich im Alpenraum fl\u00e4chenm\u00e4ssig grosse Kantone mit geringer Bev\u00f6lkerungszahl bestehen bleiben:<\/p>\n\n\n\n<ul class=\"wp-block-list\">\n<li>Die Kantone Graub\u00fcnden, Luzern, Tessin und Wallis erfahren die geringsten Ver\u00e4nderungen<\/li>\n\n\n\n<li>Den Grosszentren Basel, Genf, Lausanne und Z\u00fcrich werden jeweils sinnvolle Einzugsgebiete mit einer Bev\u00f6lkerungszahl von rund 600\u2018000 zugeteilt.<\/li>\n\n\n\n<li>Bern wird trotz Verkleinerung am Juras\u00fcdfuss einwohnerm\u00e4ssig der gr\u00f6sste Kanton<\/li>\n\n\n\n<li>Fribourg erf\u00e4hrt eine Bereinigung der heute viel zu komplizierten Westgrenze und eine Erweiterung nach Westen um die Region Yverdon.<\/li>\n\n\n\n<li>Neuch\u00e2tel, Jura und der Berner Jura werden zu einem neuen Grosskanton Jura formiert.<\/li>\n\n\n\n<li>Der s\u00fcdliche Teil von Solothurn, der heutige Berner Oberaargau und die Region Aarau werden zum neuen Kanton Aargau.<\/li>\n\n\n\n<li>Der \u00f6stliche Aargau und einige angrenzende Z\u00fcrcher Bezirke werden zum neuen Kanton \u201eWasserschloss\u201c, welcher die grossen Fl\u00fcsse Aare, Limmat, Reuss und Rhein beheimatet.<\/li>\n\n\n\n<li>Der Thurgau wird erweitert um Schaffhausen und die nord\u00f6stlichen Z\u00fcrcher Bezirke.<\/li>\n\n\n\n<li>Die Urkantone mit Zug formen den neuen Kanton \u201eWaldst\u00e4tte\u201c, der seinem historischen Vorbild aus der helvetischen Republik \u00e4hnelt.<\/li>\n\n\n\n<li>Glarus, die nord\u00f6stlichen Bezirke des Kantons Schwyz, die Region um den Ricken und das Z\u00fcrcher Oberland formen den neuen Kanton \u201eLinth\u201c, der sich ebenfalls auf ein historisches Vorbild bezieht, allerdings mit einer etwas anderen territorialen Auspr\u00e4gung, die den heutigen wirtschaftlichen Begebenheiten st\u00e4rker entspricht.<\/li>\n\n\n\n<li>Das um das Sarganserland und das Linthgebiet reduzierte St. Gallen wird mit den beiden Appenzell fusioniert.<\/li>\n<\/ul>\n\n\n\n<p><br>Die neuen Kantone sollen eine einfachere, einheitlichere und wirtschaftlichere Verwaltung erm\u00f6glichen, n\u00e4her an den realen Einzugsgebieten der B\u00fcrger und Unternehmen sein und dennoch ihre regionalen Eigenheiten und Traditionen gem\u00e4ss dem altbew\u00e4hrten Subsidiarit\u00e4tsprinzip praktizieren. Auf die Kantonshauptorte und die entsprechend ans\u00e4ssigen Kantonsverwaltungen hat dies folgenden Einfluss:<\/p>\n\n\n\n<ul class=\"wp-block-list\">\n<li>Baden (Kanton Wasserschloss) und Rapperswil (Kanton Linth) werden als neue Kantonshauptorte geschaffen mit einem Bezug auf deren Rolle, die sie bereits zu fr\u00fcheren Zeiten kurzzeitig inne hatten.<\/li>\n\n\n\n<li>Heutige Kantonshauptorte, die in einem neuen Kanton aufgehen und dadurch die heutige Rolle verlieren, sollen auch insk\u00fcnftig kantonale Verwaltungsstellen beherbergen: Appenzell, Del\u00e9mont, Glarus, Herisau, Sarnen, Schaffhausen, Schwyz, Solothurn, Stans, Zug.<\/li>\n\n\n\n<li>Alle \u00fcbrigen heutigen Kantonshauptorte werden ihre Rolle beibehalten.<\/li>\n<\/ul>\n\n\n\n<p><br>Bern als Hauptstadt wird beibehalten. Das Zweikammerprinzip mit dem National- und St\u00e4nderat sowie auch deren Sitzzahl und die Sitzverteilung im Nationalrat proportional zur Bev\u00f6lkerungszahl ebenfalls. Neu werden die 46 Sitze im St\u00e4nderat proportional zur Territorialfl\u00e4che des jeweiligen Kantons verteilt. Damit ist eine angemessene Vertretung von ruralen Gebieten und Randregionen gew\u00e4hrleistet, ohne diese durch eine starre Sitzverteilung \u201epro Stand\u201c zu stark zu gewichten.<\/p>\n\n\n\n<figure class=\"wp-block-image size-large\"><a href=\"https:\/\/www.belart.net\/wordpress\/wp-content\/uploads\/2025\/05\/image-1.png\"><img loading=\"lazy\" decoding=\"async\" width=\"1024\" height=\"710\" src=\"https:\/\/www.belart.net\/wordpress\/wp-content\/uploads\/2025\/05\/image-1-1024x710.png\" alt=\"\" class=\"wp-image-119\" srcset=\"https:\/\/www.belart.net\/wordpress\/wp-content\/uploads\/2025\/05\/image-1-1024x710.png 1024w, https:\/\/www.belart.net\/wordpress\/wp-content\/uploads\/2025\/05\/image-1-300x208.png 300w, https:\/\/www.belart.net\/wordpress\/wp-content\/uploads\/2025\/05\/image-1-768x533.png 768w, https:\/\/www.belart.net\/wordpress\/wp-content\/uploads\/2025\/05\/image-1-1536x1065.png 1536w, https:\/\/www.belart.net\/wordpress\/wp-content\/uploads\/2025\/05\/image-1-1200x832.png 1200w, https:\/\/www.belart.net\/wordpress\/wp-content\/uploads\/2025\/05\/image-1.png 1736w\" sizes=\"auto, (max-width: 709px) 85vw, (max-width: 909px) 67vw, (max-width: 1362px) 62vw, 840px\" \/><\/a><\/figure>\n\n\n\n<p>\u00a9 David Belart, 2023, \u00fcberarbeitet im Mai 2025<\/p>\n","protected":false},"excerpt":{"rendered":"<p>Die f\u00f6derale Organisation und das Subsidiarit\u00e4tsprinzip haben sich in der Schweiz bew\u00e4hrt. Allerdings entspricht die Struktur der heutigen Kantonsgrenzen nicht mehr der Lebensrealit\u00e4t der Menschen und der Wirtschaft. Sie hat ausserdem zur Folge, dass in Kombination mit dem St\u00e4ndemehr bei Volksabstimmungen und mit dem Gewicht des St\u00e4nderats die heutigen Kleinkantone ein \u00fcberm\u00e4ssiges Gewicht in der &hellip; <a href=\"https:\/\/www.belart.net\/wordpress\/index.php\/2025\/05\/17\/gebietsreform-schweiz-neustart-mit-bewaehrten-werten\/\" class=\"more-link\"><span class=\"screen-reader-text\">\u201eGebietsreform Schweiz: Neustart mit bew\u00e4hrten Werten\u201c<\/span> weiterlesen<\/a><\/p>\n","protected":false},"author":1,"featured_media":0,"comment_status":"open","ping_status":"open","sticky":false,"template":"","format":"standard","meta":{"footnotes":""},"categories":[1],"tags":[],"class_list":["post-116","post","type-post","status-publish","format-standard","hentry","category-allgemein"],"_links":{"self":[{"href":"https:\/\/www.belart.net\/wordpress\/index.php\/wp-json\/wp\/v2\/posts\/116","targetHints":{"allow":["GET"]}}],"collection":[{"href":"https:\/\/www.belart.net\/wordpress\/index.php\/wp-json\/wp\/v2\/posts"}],"about":[{"href":"https:\/\/www.belart.net\/wordpress\/index.php\/wp-json\/wp\/v2\/types\/post"}],"author":[{"embeddable":true,"href":"https:\/\/www.belart.net\/wordpress\/index.php\/wp-json\/wp\/v2\/users\/1"}],"replies":[{"embeddable":true,"href":"https:\/\/www.belart.net\/wordpress\/index.php\/wp-json\/wp\/v2\/comments?post=116"}],"version-history":[{"count":4,"href":"https:\/\/www.belart.net\/wordpress\/index.php\/wp-json\/wp\/v2\/posts\/116\/revisions"}],"predecessor-version":[{"id":127,"href":"https:\/\/www.belart.net\/wordpress\/index.php\/wp-json\/wp\/v2\/posts\/116\/revisions\/127"}],"wp:attachment":[{"href":"https:\/\/www.belart.net\/wordpress\/index.php\/wp-json\/wp\/v2\/media?parent=116"}],"wp:term":[{"taxonomy":"category","embeddable":true,"href":"https:\/\/www.belart.net\/wordpress\/index.php\/wp-json\/wp\/v2\/categories?post=116"},{"taxonomy":"post_tag","embeddable":true,"href":"https:\/\/www.belart.net\/wordpress\/index.php\/wp-json\/wp\/v2\/tags?post=116"}],"curies":[{"name":"wp","href":"https:\/\/api.w.org\/{rel}","templated":true}]}}